{"id":10534,"date":"2024-12-10T15:48:22","date_gmt":"2024-12-10T15:48:22","guid":{"rendered":"https:\/\/marbresrustey.com\/?p=10534"},"modified":"2024-12-12T11:42:12","modified_gmt":"2024-12-12T11:42:12","slug":"marmol-san-vicente-para-exteriores-en-girona","status":"publish","type":"post","link":"https:\/\/marbresrustey.com\/es\/marmol\/marmol-san-vicente-para-exteriores-en-girona","title":{"rendered":"M\u00e1rmol San Vicente para exteriores: elegancia y funcionalidad"},"content":{"rendered":"\n<p>El m\u00e1rmol San Vicente se ha ganado un lugar privilegiado entre los materiales m\u00e1s reconocidos a nivel nacional.\u00a0Con su dureza extrema, resistencia al desgaste y gran durabilidad,\u00a0es una elecci\u00f3n ideal para una amplia variedad de proyectos, tanto en interiores como en exteriores. Si est\u00e1s buscando un material que aporte funcionalidad y estilo, el San Vicente es una elecci\u00f3n segura.<\/p>\n\n\n\n<p>Adem\u00e1s, este m\u00e1rmol natural puede presentarse en un tono gris uniforme o en una tonalidad gris combinada con difusiones de color ocre, tambi\u00e9n conocido como \u201crubio\u201d, que le aporta un toque c\u00e1lido y \u00fanico.<\/p>\n\n\n\n<div style=\"height:30px\" aria-hidden=\"true\" class=\"wp-block-spacer\"><\/div>\n\n\n\n<h2 class=\"wp-block-heading\">Procedencia del m\u00e1rmol San Vicente<\/h2>\n\n\n\n<p><br>El m\u00e1rmol San Vicente tiene su origen en las canteras de <strong>San Vicente de Castellet<\/strong>, en Barcelona. Este lugar \u00fanico esconde una piedra natural rica en f\u00f3siles, testigos de su formaci\u00f3n durante el Eoceno, cuando la regi\u00f3n estaba sumergida bajo el mar. Este proceso natural ha dotado a este m\u00e1rmol de una textura y riqueza especial que lo hacen \u00fanico.<\/p>\n\n\n\n<div style=\"height:30px\" aria-hidden=\"true\" class=\"wp-block-spacer\"><\/div>\n\n\n\n<h2 class=\"wp-block-heading\">\u00bfPor qu\u00e9 elegir m\u00e1rmol gris para tu proyecto?<\/h2>\n\n\n\n<div style=\"height:30px\" aria-hidden=\"true\" class=\"wp-block-spacer\"><\/div>\n\n\n\n<p>El m\u00e1rmol gris, como el San Vicente, es uno de los materiales favoritos entre decoradores e interioristas. Su apariencia sobria pero sofisticada lo convierte en el aliado perfecto para dise\u00f1ar ambientes tranquilos, elegantes y contempor\u00e1neos. <br><\/p>\n\n\n\n<ul class=\"wp-block-list\">\n<li>Aporta serenidad y un estilo minimalista que combina con cualquier tipo de decoraci\u00f3n.<\/li>\n\n\n\n<li>Las finas vetas que fluyen de forma irregular realzan su car\u00e1cter natural y aut\u00e9ntico.<\/li>\n<\/ul>\n\n\n\n<p><\/p>\n\n\n\n<blockquote class=\"wp-block-quote is-layout-flow wp-block-quote-is-layout-flow\">\n<p>Se adapta perfectamente tanto a proyectos residenciales como comerciales, ofreciendo una opci\u00f3n vanguardista sin comprometer la funcionalidad.<\/p>\n<\/blockquote>\n\n\n\n<p>Uno de los acabados m\u00e1s populares es el acabado envejecido. Este tratamiento aporta un aspecto rugoso y mate que simula el paso del tiempo en la piedra natural.<\/p>\n\n\n\n<div style=\"height:30px\" aria-hidden=\"true\" class=\"wp-block-spacer\"><\/div>\n\n\n\n<h2 class=\"wp-block-heading\">M\u00e1rmol San Vicente envejecido<\/h2>\n\n\n\n<div style=\"height:30px\" aria-hidden=\"true\" class=\"wp-block-spacer\"><\/div>\n\n\n\n<p>Un ejemplo sobresaliente del uso del m\u00e1rmol San Vicente es un proyecto realizado por <strong>Marbres Rustey<\/strong>, donde se utiliz\u00f3 este material en una encimera de cocina de 2 cm de grosor con un <strong>acabado envejecido<\/strong>. Este acabado especial aporta una <strong>textura rugosa y sin brillo<\/strong>, que simula el paso del tiempo y le da un car\u00e1cter \u00fanico, mientras que su textura irregular realza las tonalidades y vetas, destacando la belleza natural del m\u00e1rmol.<\/p>\n\n\n\n<p>Si est\u00e1s buscando un m\u00e1rmol de calidad, esta es una buena opci\u00f3n que combina calidez, funcionalidad y una excelente relaci\u00f3n calidad-precio. \u00a1D\u00e9jate inspirar por la belleza natural de este material y da vida a tus espacios con <a href=\"https:\/\/marbresrustey.com\">Marbres Rustey<\/a>! <\/p>\n\n\n\n<div style=\"height:30px\" aria-hidden=\"true\" class=\"wp-block-spacer\"><\/div>\n","protected":false},"excerpt":{"rendered":"<p>El m&aacute;rmol San Vicente se ha ganado un lugar privilegiado entre los materiales m&aacute;s reconocidos a nivel nacional.&nbsp;Con su dureza extrema, resistencia al desgaste y gran durabilidad,&nbsp;es una elecci&oacute;n ideal para una amplia variedad de proyectos, tanto en interiores como en exteriores. Si est&aacute;s buscando un material que aporte funcionalidad y estilo, el San Vicente [&hellip;]<\/p>\n","protected":false},"author":1,"featured_media":10540,"comment_status":"closed","ping_status":"closed","sticky":false,"template":"","format":"standard","meta":{"_et_pb_use_builder":"off","_et_pb_old_content":"","_et_gb_content_width":"","footnotes":""},"categories":[37],"tags":[],"class_list":["post-10534","post","type-post","status-publish","format-standard","has-post-thumbnail","hentry","category-marmol"],"yoast_head":"<!-- This site is optimized with the Yoast SEO plugin v27.5 - https:\/\/yoast.com\/product\/yoast-seo-wordpress\/ -->\n<title>M\u00e1rmol San Vicente envejecido para exteriores - Girona<\/title>\n<meta name=\"description\" content=\"M\u00e1rmol San Vicente para exteriores. Con un car\u00e1cter natural y aut\u00e9ntico, tiene una dureza extrema, resistencia al desgaste y durabilidad.\" \/>\n<meta name=\"robots\" content=\"index, follow, max-snippet:-1, max-image-preview:large, max-video-preview:-1\" \/>\n<link rel=\"canonical\" href=\"https:\/\/marbresrustey.com\/es\/marmol\/marmol-san-vicente-para-exteriores-en-girona\" \/>\n<meta property=\"og:locale\" content=\"es_ES\" \/>\n<meta property=\"og:type\" content=\"article\" \/>\n<meta property=\"og:title\" content=\"M\u00e1rmol San Vicente envejecido para exteriores - Girona\" \/>\n<meta property=\"og:description\" content=\"M\u00e1rmol San Vicente para exteriores. Con un car\u00e1cter natural y aut\u00e9ntico, tiene una dureza extrema, resistencia al desgaste y durabilidad.\" \/>\n<meta property=\"og:url\" content=\"https:\/\/marbresrustey.com\/es\/marmol\/marmol-san-vicente-para-exteriores-en-girona\" \/>\n<meta property=\"og:site_name\" content=\"Marbres Rustey\" \/>\n<meta property=\"article:publisher\" content=\"https:\/\/www.facebook.com\/marbresrustey\" \/>\n<meta property=\"article:published_time\" content=\"2024-12-10T15:48:22+00:00\" \/>\n<meta property=\"article:modified_time\" content=\"2024-12-12T11:42:12+00:00\" \/>\n<meta property=\"og:image\" content=\"https:\/\/marbresrustey.com\/wp-content\/uploads\/2024\/12\/marmol-san-vicente-1.png\" \/>\n\t<meta property=\"og:image:width\" content=\"940\" \/>\n\t<meta property=\"og:image:height\" content=\"788\" \/>\n\t<meta property=\"og:image:type\" content=\"image\/png\" \/>\n<meta name=\"author\" content=\"Marbres Rustey\" \/>\n<meta name=\"twitter:card\" content=\"summary_large_image\" \/>\n<meta name=\"twitter:label1\" content=\"Escrito por\" \/>\n\t<meta name=\"twitter:data1\" content=\"Marbres Rustey\" \/>\n\t<meta name=\"twitter:label2\" content=\"Tiempo de lectura\" \/>\n\t<meta name=\"twitter:data2\" content=\"3 minutos\" \/>\n<script type=\"application\/ld+json\" class=\"yoast-schema-graph\">{\"@context\":\"https:\\\/\\\/schema.org\",\"@graph\":[{\"@type\":\"Article\",\"@id\":\"https:\\\/\\\/marbresrustey.com\\\/es\\\/marmol\\\/marmol-san-vicente-para-exteriores-en-girona#article\",\"isPartOf\":{\"@id\":\"https:\\\/\\\/marbresrustey.com\\\/es\\\/marmol\\\/marmol-san-vicente-para-exteriores-en-girona\"},\"author\":{\"name\":\"Marbres Rustey\",\"@id\":\"https:\\\/\\\/marbresrustey.com\\\/es#\\\/schema\\\/person\\\/e3d10107408207da2ffcd4c9fa74a00d\"},\"headline\":\"M\u00e1rmol San Vicente para exteriores: elegancia y funcionalidad\",\"datePublished\":\"2024-12-10T15:48:22+00:00\",\"dateModified\":\"2024-12-12T11:42:12+00:00\",\"mainEntityOfPage\":{\"@id\":\"https:\\\/\\\/marbresrustey.com\\\/es\\\/marmol\\\/marmol-san-vicente-para-exteriores-en-girona\"},\"wordCount\":432,\"publisher\":{\"@id\":\"https:\\\/\\\/marbresrustey.com\\\/es#organization\"},\"image\":{\"@id\":\"https:\\\/\\\/marbresrustey.com\\\/es\\\/marmol\\\/marmol-san-vicente-para-exteriores-en-girona#primaryimage\"},\"thumbnailUrl\":\"https:\\\/\\\/marbresrustey.com\\\/wp-content\\\/uploads\\\/2024\\\/12\\\/marmol-san-vicente-1.png\",\"articleSection\":[\"M\u00e1rmol\"],\"inLanguage\":\"es\"},{\"@type\":\"WebPage\",\"@id\":\"https:\\\/\\\/marbresrustey.com\\\/es\\\/marmol\\\/marmol-san-vicente-para-exteriores-en-girona\",\"url\":\"https:\\\/\\\/marbresrustey.com\\\/es\\\/marmol\\\/marmol-san-vicente-para-exteriores-en-girona\",\"name\":\"M\u00e1rmol San Vicente envejecido para exteriores - Girona\",\"isPartOf\":{\"@id\":\"https:\\\/\\\/marbresrustey.com\\\/es#website\"},\"primaryImageOfPage\":{\"@id\":\"https:\\\/\\\/marbresrustey.com\\\/es\\\/marmol\\\/marmol-san-vicente-para-exteriores-en-girona#primaryimage\"},\"image\":{\"@id\":\"https:\\\/\\\/marbresrustey.com\\\/es\\\/marmol\\\/marmol-san-vicente-para-exteriores-en-girona#primaryimage\"},\"thumbnailUrl\":\"https:\\\/\\\/marbresrustey.com\\\/wp-content\\\/uploads\\\/2024\\\/12\\\/marmol-san-vicente-1.png\",\"datePublished\":\"2024-12-10T15:48:22+00:00\",\"dateModified\":\"2024-12-12T11:42:12+00:00\",\"description\":\"M\u00e1rmol San Vicente para exteriores. Con un car\u00e1cter natural y aut\u00e9ntico, tiene una dureza extrema, resistencia al desgaste y durabilidad.\",\"breadcrumb\":{\"@id\":\"https:\\\/\\\/marbresrustey.com\\\/es\\\/marmol\\\/marmol-san-vicente-para-exteriores-en-girona#breadcrumb\"},\"inLanguage\":\"es\",\"potentialAction\":[{\"@type\":\"ReadAction\",\"target\":[\"https:\\\/\\\/marbresrustey.com\\\/es\\\/marmol\\\/marmol-san-vicente-para-exteriores-en-girona\"]}]},{\"@type\":\"ImageObject\",\"inLanguage\":\"es\",\"@id\":\"https:\\\/\\\/marbresrustey.com\\\/es\\\/marmol\\\/marmol-san-vicente-para-exteriores-en-girona#primaryimage\",\"url\":\"https:\\\/\\\/marbresrustey.com\\\/wp-content\\\/uploads\\\/2024\\\/12\\\/marmol-san-vicente-1.png\",\"contentUrl\":\"https:\\\/\\\/marbresrustey.com\\\/wp-content\\\/uploads\\\/2024\\\/12\\\/marmol-san-vicente-1.png\",\"width\":940,\"height\":788,\"caption\":\"M\u00e1rmol San Vicente\"},{\"@type\":\"BreadcrumbList\",\"@id\":\"https:\\\/\\\/marbresrustey.com\\\/es\\\/marmol\\\/marmol-san-vicente-para-exteriores-en-girona#breadcrumb\",\"itemListElement\":[{\"@type\":\"ListItem\",\"position\":1,\"name\":\"Home\",\"item\":\"https:\\\/\\\/marbresrustey.com\\\/es\"},{\"@type\":\"ListItem\",\"position\":2,\"name\":\"M\u00e1rmol San Vicente para exteriores: elegancia y funcionalidad\"}]},{\"@type\":\"WebSite\",\"@id\":\"https:\\\/\\\/marbresrustey.com\\\/es#website\",\"url\":\"https:\\\/\\\/marbresrustey.com\\\/es\",\"name\":\"Marbres Rustey\",\"description\":\"Especialistes en el treball de la pedra natural, quars i granit\",\"publisher\":{\"@id\":\"https:\\\/\\\/marbresrustey.com\\\/es#organization\"},\"potentialAction\":[{\"@type\":\"SearchAction\",\"target\":{\"@type\":\"EntryPoint\",\"urlTemplate\":\"https:\\\/\\\/marbresrustey.com\\\/es?s={search_term_string}\"},\"query-input\":{\"@type\":\"PropertyValueSpecification\",\"valueRequired\":true,\"valueName\":\"search_term_string\"}}],\"inLanguage\":\"es\"},{\"@type\":\"Organization\",\"@id\":\"https:\\\/\\\/marbresrustey.com\\\/es#organization\",\"name\":\"Marbres Rustey\",\"url\":\"https:\\\/\\\/marbresrustey.com\\\/es\",\"logo\":{\"@type\":\"ImageObject\",\"inLanguage\":\"es\",\"@id\":\"https:\\\/\\\/marbresrustey.com\\\/es#\\\/schema\\\/logo\\\/image\\\/\",\"url\":\"https:\\\/\\\/marbresrustey.com\\\/wp-content\\\/uploads\\\/2021\\\/03\\\/logo_rustey.png\",\"contentUrl\":\"https:\\\/\\\/marbresrustey.com\\\/wp-content\\\/uploads\\\/2021\\\/03\\\/logo_rustey.png\",\"width\":323,\"height\":81,\"caption\":\"Marbres Rustey\"},\"image\":{\"@id\":\"https:\\\/\\\/marbresrustey.com\\\/es#\\\/schema\\\/logo\\\/image\\\/\"},\"sameAs\":[\"https:\\\/\\\/www.facebook.com\\\/marbresrustey\",\"https:\\\/\\\/www.instagram.com\\\/marbresrustey\"]},{\"@type\":\"Person\",\"@id\":\"https:\\\/\\\/marbresrustey.com\\\/es#\\\/schema\\\/person\\\/e3d10107408207da2ffcd4c9fa74a00d\",\"name\":\"Marbres Rustey\",\"image\":{\"@type\":\"ImageObject\",\"inLanguage\":\"es\",\"@id\":\"https:\\\/\\\/secure.gravatar.com\\\/avatar\\\/b7fb4cff0b30bb664a3fe8271f60c493235311eb1bb917d43fd79a61ae8e99f8?s=96&d=mm&r=g\",\"url\":\"https:\\\/\\\/secure.gravatar.com\\\/avatar\\\/b7fb4cff0b30bb664a3fe8271f60c493235311eb1bb917d43fd79a61ae8e99f8?s=96&d=mm&r=g\",\"contentUrl\":\"https:\\\/\\\/secure.gravatar.com\\\/avatar\\\/b7fb4cff0b30bb664a3fe8271f60c493235311eb1bb917d43fd79a61ae8e99f8?s=96&d=mm&r=g\",\"caption\":\"Marbres Rustey\"},\"sameAs\":[\"https:\\\/\\\/marbresrustey.com\"]}]}<\/script>\n<!-- \/ Yoast SEO plugin. -->","yoast_head_json":{"title":"M\u00e1rmol San Vicente envejecido para exteriores - Girona","description":"M\u00e1rmol San Vicente para exteriores. Con un car\u00e1cter natural y aut\u00e9ntico, tiene una dureza extrema, resistencia al desgaste y durabilidad.","robots":{"index":"index","follow":"follow","max-snippet":"max-snippet:-1","max-image-preview":"max-image-preview:large","max-video-preview":"max-video-preview:-1"},"canonical":"https:\/\/marbresrustey.com\/es\/marmol\/marmol-san-vicente-para-exteriores-en-girona","og_locale":"es_ES","og_type":"article","og_title":"M\u00e1rmol San Vicente envejecido para exteriores - Girona","og_description":"M\u00e1rmol San Vicente para exteriores. Con un car\u00e1cter natural y aut\u00e9ntico, tiene una dureza extrema, resistencia al desgaste y durabilidad.","og_url":"https:\/\/marbresrustey.com\/es\/marmol\/marmol-san-vicente-para-exteriores-en-girona","og_site_name":"Marbres Rustey","article_publisher":"https:\/\/www.facebook.com\/marbresrustey","article_published_time":"2024-12-10T15:48:22+00:00","article_modified_time":"2024-12-12T11:42:12+00:00","og_image":[{"width":940,"height":788,"url":"https:\/\/marbresrustey.com\/wp-content\/uploads\/2024\/12\/marmol-san-vicente-1.png","type":"image\/png"}],"author":"Marbres Rustey","twitter_card":"summary_large_image","twitter_misc":{"Escrito por":"Marbres Rustey","Tiempo de lectura":"3 minutos"},"schema":{"@context":"https:\/\/schema.org","@graph":[{"@type":"Article","@id":"https:\/\/marbresrustey.com\/es\/marmol\/marmol-san-vicente-para-exteriores-en-girona#article","isPartOf":{"@id":"https:\/\/marbresrustey.com\/es\/marmol\/marmol-san-vicente-para-exteriores-en-girona"},"author":{"name":"Marbres Rustey","@id":"https:\/\/marbresrustey.com\/es#\/schema\/person\/e3d10107408207da2ffcd4c9fa74a00d"},"headline":"M\u00e1rmol San Vicente para exteriores: elegancia y funcionalidad","datePublished":"2024-12-10T15:48:22+00:00","dateModified":"2024-12-12T11:42:12+00:00","mainEntityOfPage":{"@id":"https:\/\/marbresrustey.com\/es\/marmol\/marmol-san-vicente-para-exteriores-en-girona"},"wordCount":432,"publisher":{"@id":"https:\/\/marbresrustey.com\/es#organization"},"image":{"@id":"https:\/\/marbresrustey.com\/es\/marmol\/marmol-san-vicente-para-exteriores-en-girona#primaryimage"},"thumbnailUrl":"https:\/\/marbresrustey.com\/wp-content\/uploads\/2024\/12\/marmol-san-vicente-1.png","articleSection":["M\u00e1rmol"],"inLanguage":"es"},{"@type":"WebPage","@id":"https:\/\/marbresrustey.com\/es\/marmol\/marmol-san-vicente-para-exteriores-en-girona","url":"https:\/\/marbresrustey.com\/es\/marmol\/marmol-san-vicente-para-exteriores-en-girona","name":"M\u00e1rmol San Vicente envejecido para exteriores - Girona","isPartOf":{"@id":"https:\/\/marbresrustey.com\/es#website"},"primaryImageOfPage":{"@id":"https:\/\/marbresrustey.com\/es\/marmol\/marmol-san-vicente-para-exteriores-en-girona#primaryimage"},"image":{"@id":"https:\/\/marbresrustey.com\/es\/marmol\/marmol-san-vicente-para-exteriores-en-girona#primaryimage"},"thumbnailUrl":"https:\/\/marbresrustey.com\/wp-content\/uploads\/2024\/12\/marmol-san-vicente-1.png","datePublished":"2024-12-10T15:48:22+00:00","dateModified":"2024-12-12T11:42:12+00:00","description":"M\u00e1rmol San Vicente para exteriores. Con un car\u00e1cter natural y aut\u00e9ntico, tiene una dureza extrema, resistencia al desgaste y durabilidad.","breadcrumb":{"@id":"https:\/\/marbresrustey.com\/es\/marmol\/marmol-san-vicente-para-exteriores-en-girona#breadcrumb"},"inLanguage":"es","potentialAction":[{"@type":"ReadAction","target":["https:\/\/marbresrustey.com\/es\/marmol\/marmol-san-vicente-para-exteriores-en-girona"]}]},{"@type":"ImageObject","inLanguage":"es","@id":"https:\/\/marbresrustey.com\/es\/marmol\/marmol-san-vicente-para-exteriores-en-girona#primaryimage","url":"https:\/\/marbresrustey.com\/wp-content\/uploads\/2024\/12\/marmol-san-vicente-1.png","contentUrl":"https:\/\/marbresrustey.com\/wp-content\/uploads\/2024\/12\/marmol-san-vicente-1.png","width":940,"height":788,"caption":"M\u00e1rmol San Vicente"},{"@type":"BreadcrumbList","@id":"https:\/\/marbresrustey.com\/es\/marmol\/marmol-san-vicente-para-exteriores-en-girona#breadcrumb","itemListElement":[{"@type":"ListItem","position":1,"name":"Home","item":"https:\/\/marbresrustey.com\/es"},{"@type":"ListItem","position":2,"name":"M\u00e1rmol San Vicente para exteriores: elegancia y funcionalidad"}]},{"@type":"WebSite","@id":"https:\/\/marbresrustey.com\/es#website","url":"https:\/\/marbresrustey.com\/es","name":"Marbres Rustey","description":"Especialistes en el treball de la pedra natural, quars i granit","publisher":{"@id":"https:\/\/marbresrustey.com\/es#organization"},"potentialAction":[{"@type":"SearchAction","target":{"@type":"EntryPoint","urlTemplate":"https:\/\/marbresrustey.com\/es?s={search_term_string}"},"query-input":{"@type":"PropertyValueSpecification","valueRequired":true,"valueName":"search_term_string"}}],"inLanguage":"es"},{"@type":"Organization","@id":"https:\/\/marbresrustey.com\/es#organization","name":"Marbres Rustey","url":"https:\/\/marbresrustey.com\/es","logo":{"@type":"ImageObject","inLanguage":"es","@id":"https:\/\/marbresrustey.com\/es#\/schema\/logo\/image\/","url":"https:\/\/marbresrustey.com\/wp-content\/uploads\/2021\/03\/logo_rustey.png","contentUrl":"https:\/\/marbresrustey.com\/wp-content\/uploads\/2021\/03\/logo_rustey.png","width":323,"height":81,"caption":"Marbres Rustey"},"image":{"@id":"https:\/\/marbresrustey.com\/es#\/schema\/logo\/image\/"},"sameAs":["https:\/\/www.facebook.com\/marbresrustey","https:\/\/www.instagram.com\/marbresrustey"]},{"@type":"Person","@id":"https:\/\/marbresrustey.com\/es#\/schema\/person\/e3d10107408207da2ffcd4c9fa74a00d","name":"Marbres Rustey","image":{"@type":"ImageObject","inLanguage":"es","@id":"https:\/\/secure.gravatar.com\/avatar\/b7fb4cff0b30bb664a3fe8271f60c493235311eb1bb917d43fd79a61ae8e99f8?s=96&d=mm&r=g","url":"https:\/\/secure.gravatar.com\/avatar\/b7fb4cff0b30bb664a3fe8271f60c493235311eb1bb917d43fd79a61ae8e99f8?s=96&d=mm&r=g","contentUrl":"https:\/\/secure.gravatar.com\/avatar\/b7fb4cff0b30bb664a3fe8271f60c493235311eb1bb917d43fd79a61ae8e99f8?s=96&d=mm&r=g","caption":"Marbres Rustey"},"sameAs":["https:\/\/marbresrustey.com"]}]}},"_links":{"self":[{"href":"https:\/\/marbresrustey.com\/es\/wp-json\/wp\/v2\/posts\/10534","targetHints":{"allow":["GET"]}}],"collection":[{"href":"https:\/\/marbresrustey.com\/es\/wp-json\/wp\/v2\/posts"}],"about":[{"href":"https:\/\/marbresrustey.com\/es\/wp-json\/wp\/v2\/types\/post"}],"author":[{"embeddable":true,"href":"https:\/\/marbresrustey.com\/es\/wp-json\/wp\/v2\/users\/1"}],"replies":[{"embeddable":true,"href":"https:\/\/marbresrustey.com\/es\/wp-json\/wp\/v2\/comments?post=10534"}],"version-history":[{"count":0,"href":"https:\/\/marbresrustey.com\/es\/wp-json\/wp\/v2\/posts\/10534\/revisions"}],"wp:featuredmedia":[{"embeddable":true,"href":"https:\/\/marbresrustey.com\/es\/wp-json\/wp\/v2\/media\/10540"}],"wp:attachment":[{"href":"https:\/\/marbresrustey.com\/es\/wp-json\/wp\/v2\/media?parent=10534"}],"wp:term":[{"taxonomy":"category","embeddable":true,"href":"https:\/\/marbresrustey.com\/es\/wp-json\/wp\/v2\/categories?post=10534"},{"taxonomy":"post_tag","embeddable":true,"href":"https:\/\/marbresrustey.com\/es\/wp-json\/wp\/v2\/tags?post=10534"}],"curies":[{"name":"wp","href":"https:\/\/api.w.org\/{rel}","templated":true}]}}